{"id":1006987,"date":"2022-02-03T17:04:00","date_gmt":"2022-02-03T16:04:00","guid":{"rendered":"https:\/\/www.joerglahmann.com\/que-hace-un-lider\/"},"modified":"2022-02-07T10:39:59","modified_gmt":"2022-02-07T09:39:59","slug":"was-macht-ein-leader","status":"publish","type":"post","link":"https:\/\/joerglahmann.com\/de\/was-macht-ein-leader\/","title":{"rendered":"Leader und Manager. Was macht ein Leader?"},"content":{"rendered":"<p dir=\"ltr\">La palabra l\u00edder tiene cierta aura de grandeza inalcanzable, casi misteriosa. Parece la representaci\u00f3n del \u00e9xito en todos los sentidos, la vistosidad y el talento innato de unos pocos afortunados.&nbsp;<\/p>\n<p dir=\"ltr\">Pues hoy vamos a desmontar alguno de estos mitos en torno a la figura del l\u00edder. Porque con trabajo y constancia puedes ser un buen l\u00edder sin necesidad de reencarnarte en Steve Jobs.<\/p>\n<p><span><a href=\"https:\/\/www.joerglahmann.com\/wp-content\/uploads\/2021\/10\/Que-hace-un-lider-imagen.jpg\" target=\"_blank\" rel=\"noopener\"><img decoding=\"async\" alt=\"ser-un-buen-lider\" data-id=\"1006872\" data-init-width=\"400\" data-init-height=\"267\" title=\"Que-hace-un-lider-imagen\" loading=\"lazy\" src=\"https:\/\/www.joerglahmann.com\/wp-content\/uploads\/2021\/10\/Que-hace-un-lider-imagen.jpg\" data-width=\"311\" data-height=\"207\" data-link-wrap=\"true\" width=\"311\" height=\"207\"><\/a><\/span><\/p>\n<p dir=\"ltr\">Este art\u00edculo es la segunda parte de L\u00edder y manager. En el <a href=\"https:\/\/www.joerglahmann.com\/que-hace-un-manager\/\" style=\"outline: none;\">anterior art\u00edculo abordamos el tema de qu\u00e9 es un manager<\/a>, y hoy seguimos para poder tener una visi\u00f3n completa y precisa con la siguiente pregunta: \u00bfqu\u00e9 hace un l\u00edder?<\/p>\n<p dir=\"ltr\">Mucho se habla de esta figura, tanto en la esfera social y pol\u00edtica como en el \u00e1mbito laboral. Est\u00e1 claro que es esencial para cualquier organizaci\u00f3n, pero, \u00bfsabemos realmente a qu\u00e9 nos referimos, cu\u00e1l es su papel y d\u00f3nde est\u00e1n las claves para convertirse en un buen l\u00edder?<\/p>\n<h2 dir=\"ltr\">L\u00edder vs. manager. \u00bfTodav\u00eda no conoces la diferencia?<\/h2>\n<p dir=\"ltr\">L\u00edder y manager, manager y l\u00edder. Dos conceptos diferentes, dos funciones distintas, pero algo en com\u00fan. Ambas figuras son necesarias para dirigir un equipo.<\/p>\n<p dir=\"ltr\">El manager es esa persona racional, que trabaja con base en resultados, cifras e indicadores. Es, en definitiva, el gestor que consigue el m\u00e1ximo rendimiento de su equipo.<\/p>\n<p dir=\"ltr\">El l\u00edder va por otro camino. A priori nos suena m\u00e1s glamouroso y talentoso. Si buscamos en Google, tambi\u00e9n encontramos m\u00e1s entradas sobre el tema y tenemos infinidad de libros al respecto. Con pocas palabras, es la persona que abre camino, que muestra a los dem\u00e1s hac\u00eda donde ir.&nbsp;<\/p>\n<p dir=\"ltr\"><strong>Y lo importante es saber que para dirigir equipos, hay que ser los dos: manager y l\u00edder.&nbsp;<\/strong><\/p>\n<p dir=\"ltr\">En este caso quiero citar la Real Academia Espa\u00f1ola con su definici\u00f3n del l\u00edder: \u201cPersona que dirige o conduce [&#8230;] un grupo social u otra colectividad\u201d.<\/p>\n<p><span><a href=\"https:\/\/www.joerglahmann.com\/e-book-gestion-de-equipos\/\" target=\"_blank\" rel=\"noopener\"><img decoding=\"async\" alt=\"Gesti\u00f3n de personas - ebook - igostrategy\" data-id=\"1004928\" title=\"Gesti\u00f3n de personas - ebook - igostrategy\" src=\"https:\/\/www.joerglahmann.com\/wp-content\/uploads\/2020\/09\/CTA-gestion-de-personas-ebook.jpg\" data-link-wrap=\"true\" style=\"\" data-width=\"799\" data-height=\"208\" data-init-width=\"1520\" data-init-height=\"395\" loading=\"lazy\" width=\"799\" height=\"208\"><\/a><\/span><\/p>\n<p dir=\"ltr\"><strong><\/strong>De manera sencilla, el l\u00edder atrae seguidores en virtud de lo que dice y de c\u00f3mo act\u00faa, mientras que el manager debe conseguir objetivos mediante el trabajo de otras personas.<\/p>\n<h2 dir=\"ltr\">C\u00f3mo ser un buen l\u00edder<\/h2>\n<p dir=\"ltr\">Hay dos condiciones b\u00e1sicas de las que ya hablamos al abordar el papel del manager que son tambi\u00e9n clave para ser un buen l\u00edder. La primera es que tu gente importa, te preocupas y cuidas de ellos. Si la gesti\u00f3n interpersonal y las relaciones internas empiezan a fallar, dif\u00edcilmente el equipo te seguir\u00e1.&nbsp;&nbsp;<\/p>\n<p dir=\"ltr\">La segunda premisa es querer ser un<a href=\"https:\/\/www.joerglahmann.com\/descubrir-un-lider-incompetente\/\" style=\"outline: none;\" spellcheck=\"false\"> l\u00edder competente<\/a>. Porque si no lo tienes entre tus objetivos y no lo trabajas, siento decirte que dif\u00edcilmente funcionar\u00e1. No es algo que pase por accidente.&nbsp;<\/p>\n<p dir=\"ltr\">\u00bfCu\u00e1les son tus grandes l\u00edderes de referencia?&nbsp;<\/p>\n<p dir=\"ltr\">Steve Jobs, Elon Musk, Warren Buffet, Bill Gates, Barack Obama, Jack Ma, Reshma Saujani. Cada uno de ellos ha sido o sigue siendo un l\u00edder brillante y que ya forma parte de nuestro imaginario colectivo.&nbsp;<\/p>\n<p dir=\"ltr\">Pues bien, \u00bfsabes lo que tienen en com\u00fan?&nbsp;<\/p>\n<p dir=\"ltr\">Todos comparten una actitud que los lleva a ir por delante del resto, tienen visi\u00f3n, abren puertas y generan oportunidades.&nbsp;<\/p>\n<p dir=\"ltr\">Adem\u00e1s, sin duda, son grandes oradores y personas muy carism\u00e1ticas. Pero espera, no te vayas. De verdad, no te asustes porque no voy a pedirte que seas como ellos ni a decirte que, sin esas habilidades innatas, no tenemos nada que hacer. Es m\u00e1s, lo que me gustar\u00eda hoy, en este art\u00edculo, es que sali\u00e9ramos del cl\u00e1sico \u201ctienes que ser as\u00ed\u201d para poder, precisamente, convertirte en un l\u00edder, no por lo que tienes que ser, sino por lo que tienes que hacer.<\/p>\n<p dir=\"ltr\">As\u00ed que veamos estas cinco pautas de actuaci\u00f3n que son b\u00e1sicas a la hora de actuar como un buen l\u00edder.<\/p>\n<h2 dir=\"ltr\">5 pautas de actuaci\u00f3n para l\u00edderes<\/h2>\n<p><span><a href=\"https:\/\/www.joerglahmann.com\/wp-content\/uploads\/2021\/11\/liderparte2.jpg\" target=\"_blank\" rel=\"noopener\"><img decoding=\"async\" alt=\"que-hace-un-lider\" data-id=\"1006886\" data-init-width=\"800\" data-init-height=\"472\" title=\"que-hace-un-lider\" loading=\"lazy\" src=\"https:\/\/www.joerglahmann.com\/wp-content\/uploads\/2021\/11\/liderparte2.jpg\" data-width=\"799\" data-height=\"472\" data-link-wrap=\"true\" width=\"799\" height=\"472\"><\/a><\/span><\/p>\n<h3 dir=\"ltr\">Dar una direcci\u00f3n clara<\/h3>\n<p dir=\"ltr\">Imag\u00ednate una expedici\u00f3n. El l\u00edder es el que va delante y el que sabe ad\u00f3nde dirigir al resto del grupo. Y para ello debe tener muy claro cu\u00e1l es el camino y el destino. Si transmite duda o inseguridad, la confianza de quienes le siguen se debilita. Lo mismo ocurre en una organizaci\u00f3n, si no tiene claro las metas y la visi\u00f3n de la empresa o no lo expresa de manera convincente, la confianza del equipo en sus indicaciones se tambalea.<\/p>\n<p dir=\"ltr\">Para ello, la herramienta que siempre recomiendo es el VTO, el Vision Traction Organizer o, en castellano, el organizador de la visi\u00f3n de la tracci\u00f3n.&nbsp;&nbsp;<\/p>\n<p style=\"text-align: center;\"><strong><a href=\"https:\/\/www.joerglahmann.com\/vto-en-espanol\/\" spellcheck=\"false\" style=\"outline: none;\">Desc\u00e1rgate aqu\u00ed la plantilla del VTO<\/a><\/strong><\/p>\n<p dir=\"ltr\">La visi\u00f3n de la empresa, ese camino hacia el que tenemos el foco puesto, no es siempre sencilla de definir ni de defender. Por ello, <strong>es tarea del l\u00edder trabajar de manera proactiva y constante, porque, adem\u00e1s, no es suficiente con tenerlo claro, hay que saber c\u00f3mo transmitirlo<\/strong>. Para ello, aseg\u00farate de apoyarte en el equipo directivo y compartir una misma perspectiva.&nbsp;<\/p>\n<h3 dir=\"ltr\">Proporcionar las herramientas necesarias<\/h3>\n<p dir=\"ltr\">Una de las situaciones m\u00e1s frustrantes para el equipo de trabajo es creer en el prop\u00f3sito y en la misi\u00f3n de la empresa y no tener las herramientas necesarias para alcanzar los objetivos propuestos. Es tu responsabilidad darles la capacidad de avanzar contigo.&nbsp;<\/p>\n<p dir=\"ltr\">Estas herramientas son:&nbsp;<\/p>\n<ul>\n<li dir=\"ltr\"><strong>Recursos<\/strong>: un presupuesto razonable que permita llevar a cabo las acciones necesarias.<\/li>\n<li dir=\"ltr\"><strong>Formaci\u00f3n<\/strong>: detecta las carencias y ofr\u00e9celes el know-how necesario.<\/li>\n<li dir=\"ltr\"><strong>Tecnolog\u00eda<\/strong>: hoy en d\u00eda es m\u00e1s importante que nunca incorporar la tecnolog\u00eda al d\u00eda a d\u00eda. Localiza las necesidades y escucha lo que el equipo tiene que decir.<\/li>\n<li dir=\"ltr\"><strong>Tiempo y atenci\u00f3n<\/strong>: \u00a1Tu tiempo y atenci\u00f3n! Para inspirar y recordar la visi\u00f3n, compartir ideas y ajustar rumbos.&nbsp;<\/li>\n<\/ul>\n<h3 dir=\"ltr\">Soltar<\/h3>\n<p dir=\"ltr\">Has sabido convencerles de tu visi\u00f3n y les has dado las herramientas y los recursos necesarios. Ahora, y solo ahora, es el momento de soltar. Y es que no puedes estar en todo. \u00a1Eres el l\u00edder! <strong>Tu trabajo es el de guiar y para eso tienes que ir delante y no en el medio<\/strong>. Si tratas de estar en todo, los \u00e1rboles no te dejar\u00e1n ver el bosque.<\/p>\n<p dir=\"ltr\">\u00bfY esto qu\u00e9 significa? Aqu\u00ed voy a ser muy rotundo, es necesario que delegues todo lo que puedas. Y con todo me refiero a todo. S\u00ed, s\u00ed, que ya nos conocemos y lo s\u00e9, soltar cuesta. Pero pi\u00e9nsalo as\u00ed, el valor que aportas desaparece si no est\u00e1s al frente. Ah\u00ed solo puedes estar t\u00fa y el trabajo diario pueden desempe\u00f1arlo muchas m\u00e1s personas.&nbsp;<\/p>\n<p dir=\"ltr\">Eso s\u00ed, ten en cuenta que para delegar necesitas tener a las <a href=\"https:\/\/www.joerglahmann.com\/gwc-personas-en-el-puesto-adecuado\/\" target=\"_blank\" style=\"outline: none;\" rel=\"noopener\">personas adecuadas en el puesto adecuado<\/a>. Si no, delegar puede acabar convirti\u00e9ndose en un peque\u00f1o desastre, y ah\u00ed aparecen los miedos a soltar que mantenemos durante a\u00f1os. Si al delegar no ha ido bien, lo m\u00e1s probable es que no ten\u00edas la persona adecuada en el puesto adecuado.&nbsp;<\/p>\n<h3 dir=\"ltr\">Ser coherente con la visi\u00f3n que est\u00e1s transmitiendo<\/h3>\n<p dir=\"ltr\">Todos sabemos que la buena reputaci\u00f3n se construye a lo largo de a\u00f1os pero se puede destruir en un segundo. Lo mismo ocurre con la visi\u00f3n de la compa\u00f1\u00eda. Por eso, <strong>la visi\u00f3n que has trabajado y comunicado es un valor que debes cuidar y proteger y la mejor manera es ser 101% coherente y sincero y no perderla nunca de vista<\/strong>. &nbsp;Para ello, hay tres aspectos claves que hay que trabajar desde una misma perspectiva:<\/p>\n<ul>\n<li dir=\"ltr\">Acciones&nbsp;<\/li>\n<li dir=\"ltr\">Decisiones<\/li>\n<li dir=\"ltr\">Predicar con el ejemplo<\/li>\n<\/ul>\n<p dir=\"ltr\">De nada sirve que pongamos todo nuestro esfuerzo en la creaci\u00f3n de la visi\u00f3n de la empresa y una filosof\u00eda de la empresa, si despu\u00e9s las acciones van a ir por un camino diferente.&nbsp;<\/p>\n<p dir=\"ltr\">Te pongo un ejemplo muy claro para salir un poco de la oficina. Como padre o madre (es decir l\u00edder) en casa quieres que los m\u00e1s peque\u00f1os interioricen h\u00e1bitos saludables con la comida [misi\u00f3n]. S\u00ed entre el arroz con verduras del medio d\u00eda y la ensalada de la noche te sientas en el sof\u00e1 a comer chucher\u00edas, parece evidente que pierdes la credibilidad frente a los ni\u00f1os que tambi\u00e9n querr\u00e1n comer golosinas.<\/p>\n<p dir=\"ltr\">Lo mismo ocurre en la empresa: una imagen vale m\u00e1s que mil palabras. Si t\u00fa transmites los valores deseados, como el trabajo duro, calidad, servicio al cliente, honestidad o transparencia, con tus propias acciones, valdr\u00e1 mucho m\u00e1s que mil palabras tuyas. Al fin y al cabo, el l\u00edder impacta mucho m\u00e1s de lo que imaginas.<\/p>\n<h3 dir=\"ltr\">Pensar&nbsp;<\/h3>\n<p dir=\"ltr\">Qu\u00e9 evidente suena y qu\u00e9 poco se hace a veces. Los buenos l\u00edderes piensan. Porque <strong>en la claridad mental se basa su trabajo, para luego comunicarlo<\/strong>. No hay l\u00edder que no se tome tiempo para pensar, y no solo no sorprende, sino que parece algo muy l\u00f3gico.<\/p>\n<p dir=\"ltr\">Pero lo que parece l\u00f3gico en otros, es muy dif\u00edcil aplicarlo a nosotros mismos. La vor\u00e1gine del d\u00eda a d\u00eda a menudo hace que no queda tiempo a pensar. Y nunca lo habr\u00e1, hasta que no lo hagas una prioridad. Porque poder frenar, ver las cosas con perspectiva, analizar e hilar ideas no es algo que se haga en piloto autom\u00e1tico. Se necesita parar, salir de la oficina y dejar tu mente libre.&nbsp;<\/p>\n<p dir=\"ltr\">Todos los l\u00edderes que tienen las ideas claras y que conozco lo hacen, y es algo que te aconsejo implementar desde ahora mismo. Despeja un hueco en tu agenda, deja tu m\u00f3vil y tu port\u00e1til y vete a pensar. As\u00ed de f\u00e1cil (y de complicado).&nbsp;<\/p>\n<p dir=\"ltr\">Encuentra una rutina que te ayude a salir de la oficina cada cierto tiempo. Vete a una cafeter\u00eda a desayunar con tu libreta una vez a la semana, encuentra una ruta que te guste para caminar un par de horas o si\u00e9ntate en un banco en el parque. Lo que t\u00fa prefieras, pero conc\u00e9dete este tiempo con cierta asiduidad y lo ver\u00e1s recompensado con creces.<\/p>\n<h2 dir=\"ltr\">Del 1 al 10, \u00bfqu\u00e9 tipo de l\u00edder eres?<\/h2>\n<p dir=\"ltr\">Esto es ser un buen l\u00edder: marcar la direcci\u00f3n a seguir, proporcionar las herramientas adecuadas, soltar el control, dar ejemplo y pensar. Con esto en mente dime, \u00bfc\u00f3mo te autoeval\u00faas como l\u00edder del 1 al 10?<\/p>\n<p dir=\"ltr\">Este ejercicio te permite detectar tus puntos d\u00e9biles para poder mejorar poco a poco. Porque un l\u00edder no se hace de la noche a la ma\u00f1ana, sino que se trabaja a lo largo de los a\u00f1os.<\/p>\n<p dir=\"ltr\">Y no puedo cerrar el art\u00edculo sin responder a la gran pregunta: \u00bfcu\u00e1ndo ser l\u00edder, y cu\u00e1ndo ser manager?<\/p>\n<p dir=\"ltr\">Hay trabajo por hacer porque se trata de ser los dos, cada cual en su momento. <strong>En ocasiones debemos ejercer de manager y en ocasiones de l\u00edder. A veces tocar\u00e1 cambiar de un minuto a otro<\/strong>. Para saber cuando desempe\u00f1ar una u otra, piensa si tu rol en un momento concreto es el de ayudar y mejorar la eficacia del equipo o de una persona o por lo contrario debes ocuparte de guiar, inspirar y motivar.<\/p>\n<p dir=\"ltr\">No es tarea sencilla, hay que trabajar para ser un buen l\u00edder y tambi\u00e9n para ser un buen m\u00e1nager, porque tu equipo necesita los dos perfiles y te agradecer\u00e1 tus esfuerzos con resultados mejores.<\/p>\n<p dir=\"ltr\">\n<p><span><\/span><\/p>\n<h3 style=\"color: rgb(21, 21, 21);\"><span>Pr\u00f3ximos pasos&#8230;<\/span><\/h3>\n<ul>\n<li>De 0 a 100\u2026 \u00bfCuantos puntos tiene tu empresa? Mide la solidez de tu empresa: <a href=\"https:\/\/organizationalcheckup.com\/get-started\/?ref=jorg@joerglahmann.com\" target=\"_blank\" style=\"outline: none;\" rel=\"noopener\">EOS Organizational Checkup<\/a><\/li>\n<li>Descargarte<a href=\"https:\/\/www.joerglahmann.com\/eos-libros-videos\/\"> libros<\/a> de forma gratuita o ver unos <a href=\"https:\/\/www.joerglahmann.com\/eos-videos\/\">videos sobre EOS<\/a><\/li>\n<li>Solicita una <a href=\"https:\/\/www.joerglahmann.com\/eos-90-minutos\/\" style=\"outline: none;\">reuni\u00f3n gratuita de 90 minutos<\/a> con un Implementador de EOS para obtener una imagen clara de c\u00f3mo es gestionar tu empresa con EOS.<\/li>\n<\/ul>\n<p><em>Foto de <em><a href=\"https:\/\/www.freepik.es\/fotos\/cubrir\" target=\"_blank\" rel=\"nofollow noopener\">Cubrir <\/a><em>creado por wayhomestudio &#8211; <a href=\"http:\/\/www.freepik.es\/\" spellcheck=\"false\" target=\"_blank\" style=\"outline: none;\" rel=\"noopener\">www.freepik.es<\/a><\/em><\/em><\/em><\/p>\n","protected":false},"excerpt":{"rendered":"<p>La palabra l\u00edder tiene cierta aura de grandeza inalcanzable, casi misteriosa. Parece la representaci\u00f3n del \u00e9xito en todos los sentidos, la vistosidad y el talento innato de unos pocos afortunados.&nbsp; Pues hoy vamos a desmontar alguno de estos mitos en torno a la figura del l\u00edder. Porque con trabajo y constancia puedes ser un buen [&hellip;]<\/p>\n","protected":false},"author":1,"featured_media":1006873,"comment_status":"open","ping_status":"open","sticky":false,"template":"","format":"standard","meta":{"footnotes":""},"categories":[115,116],"tags":[67,71,140,66],"class_list":["post-1006987","post","type-post","status-publish","format-standard","has-post-thumbnail","hentry","category-personen-im-unternehmen","category-vision-unternehmen","tag-ceo-de","tag-leadership","tag-transformacion-de","tag-vision-de","post-wrapper","thrv_wrapper"],"yoast_head":"<!-- This site is optimized with the Yoast SEO plugin v27.1.1 - https:\/\/yoast.com\/product\/yoast-seo-wordpress\/ -->\n<title>Was macht ein Leader? Seine Rolle im Teammanagement<\/title>\n<meta name=\"description\" content=\"Wir thematisieren die Figur des Leaders und r\u00e4umen mit einigen der g\u00e4ngigsten Mythen auf. Was macht ein Leader und wie wird er gut?\" \/>\n<meta name=\"robots\" content=\"index, follow, max-snippet:-1, max-image-preview:large, max-video-preview:-1\" \/>\n<link rel=\"canonical\" href=\"https:\/\/joerglahmann.com\/que-hace-un-lider\/\" \/>\n<meta property=\"og:locale\" content=\"de_DE\" \/>\n<meta property=\"og:type\" content=\"article\" \/>\n<meta property=\"og:title\" content=\"Was macht ein Leader? Seine Rolle im Teammanagement\" \/>\n<meta property=\"og:description\" content=\"Wir thematisieren die Figur des Leaders und r\u00e4umen mit einigen der g\u00e4ngigsten Mythen auf. Was macht ein Leader und wie wird er gut?\" \/>\n<meta property=\"og:url\" content=\"https:\/\/joerglahmann.com\/que-hace-un-lider\/\" \/>\n<meta property=\"og:site_name\" content=\"EOS implementer | Deutschland, Schweiz, Espa\u00f1a\" \/>\n<meta property=\"article:published_time\" content=\"2022-02-03T16:04:00+00:00\" \/>\n<meta property=\"article:modified_time\" content=\"2022-02-07T09:39:59+00:00\" \/>\n<meta property=\"og:image\" content=\"https:\/\/joerglahmann.com\/wp-content\/uploads\/2021\/10\/Que-hace-un-lider-imagen.jpg\" \/>\n\t<meta property=\"og:image:width\" content=\"400\" \/>\n\t<meta property=\"og:image:height\" content=\"267\" \/>\n\t<meta property=\"og:image:type\" content=\"image\/jpeg\" \/>\n<meta name=\"author\" content=\"jorgwp\" \/>\n<meta name=\"twitter:card\" content=\"summary_large_image\" \/>\n<meta name=\"twitter:label1\" content=\"Verfasst von\" \/>\n\t<meta name=\"twitter:data1\" content=\"jorgwp\" \/>\n\t<meta name=\"twitter:label2\" content=\"Gesch\u00e4tzte Lesezeit\" \/>\n\t<meta name=\"twitter:data2\" content=\"9\u00a0Minuten\" \/>\n<script type=\"application\/ld+json\" class=\"yoast-schema-graph\">{\"@context\":\"https:\/\/schema.org\",\"@graph\":[{\"@type\":\"Article\",\"@id\":\"https:\/\/joerglahmann.com\/que-hace-un-lider\/#article\",\"isPartOf\":{\"@id\":\"https:\/\/joerglahmann.com\/que-hace-un-lider\/\"},\"author\":{\"name\":\"jorgwp\",\"@id\":\"https:\/\/joerglahmann.com\/#\/schema\/person\/662a8961d74cddabed9df367512e04a5\"},\"headline\":\"Leader und Manager. Was macht ein Leader?\",\"datePublished\":\"2022-02-03T16:04:00+00:00\",\"dateModified\":\"2022-02-07T09:39:59+00:00\",\"mainEntityOfPage\":{\"@id\":\"https:\/\/joerglahmann.com\/que-hace-un-lider\/\"},\"wordCount\":2036,\"commentCount\":1,\"image\":{\"@id\":\"https:\/\/joerglahmann.com\/que-hace-un-lider\/#primaryimage\"},\"thumbnailUrl\":\"https:\/\/joerglahmann.com\/wp-content\/uploads\/2021\/10\/Que-hace-un-lider-imagen.jpg\",\"keywords\":[\"CEO\",\"leadership\",\"transformaci\u00f3n\",\"vision\"],\"articleSection\":[\"Personen\",\"Vision im Unternehmen\"],\"inLanguage\":\"de\",\"potentialAction\":[{\"@type\":\"CommentAction\",\"name\":\"Comment\",\"target\":[\"https:\/\/joerglahmann.com\/que-hace-un-lider\/#respond\"]}]},{\"@type\":[\"WebPage\",\"ItemPage\"],\"@id\":\"https:\/\/joerglahmann.com\/que-hace-un-lider\/\",\"url\":\"https:\/\/joerglahmann.com\/que-hace-un-lider\/\",\"name\":\"Was macht ein Leader? Seine Rolle im Teammanagement\",\"isPartOf\":{\"@id\":\"https:\/\/joerglahmann.com\/#website\"},\"primaryImageOfPage\":{\"@id\":\"https:\/\/joerglahmann.com\/que-hace-un-lider\/#primaryimage\"},\"image\":{\"@id\":\"https:\/\/joerglahmann.com\/que-hace-un-lider\/#primaryimage\"},\"thumbnailUrl\":\"https:\/\/joerglahmann.com\/wp-content\/uploads\/2021\/10\/Que-hace-un-lider-imagen.jpg\",\"datePublished\":\"2022-02-03T16:04:00+00:00\",\"dateModified\":\"2022-02-07T09:39:59+00:00\",\"author\":{\"@id\":\"https:\/\/joerglahmann.com\/#\/schema\/person\/662a8961d74cddabed9df367512e04a5\"},\"description\":\"Wir thematisieren die Figur des Leaders und r\u00e4umen mit einigen der g\u00e4ngigsten Mythen auf. Was macht ein Leader und wie wird er gut?\",\"breadcrumb\":{\"@id\":\"https:\/\/joerglahmann.com\/que-hace-un-lider\/#breadcrumb\"},\"inLanguage\":\"de\",\"potentialAction\":[{\"@type\":\"ReadAction\",\"target\":[\"https:\/\/joerglahmann.com\/que-hace-un-lider\/\"]}]},{\"@type\":\"ImageObject\",\"inLanguage\":\"de\",\"@id\":\"https:\/\/joerglahmann.com\/que-hace-un-lider\/#primaryimage\",\"url\":\"https:\/\/joerglahmann.com\/wp-content\/uploads\/2021\/10\/Que-hace-un-lider-imagen.jpg\",\"contentUrl\":\"https:\/\/joerglahmann.com\/wp-content\/uploads\/2021\/10\/Que-hace-un-lider-imagen.jpg\",\"width\":400,\"height\":267,\"caption\":\"ser-un-buen-lider\"},{\"@type\":\"BreadcrumbList\",\"@id\":\"https:\/\/joerglahmann.com\/que-hace-un-lider\/#breadcrumb\",\"itemListElement\":[{\"@type\":\"ListItem\",\"position\":1,\"name\":\"Portada\",\"item\":\"https:\/\/joerglahmann.com\/de\/\"},{\"@type\":\"ListItem\",\"position\":2,\"name\":\"Leader und Manager. Was macht ein Leader?\"}]},{\"@type\":\"WebSite\",\"@id\":\"https:\/\/joerglahmann.com\/#website\",\"url\":\"https:\/\/joerglahmann.com\/\",\"name\":\"EOS implementer | Deutschland, Schweiz, Espa\u00f1a\",\"description\":\"\",\"potentialAction\":[{\"@type\":\"SearchAction\",\"target\":{\"@type\":\"EntryPoint\",\"urlTemplate\":\"https:\/\/joerglahmann.com\/?s={search_term_string}\"},\"query-input\":{\"@type\":\"PropertyValueSpecification\",\"valueRequired\":true,\"valueName\":\"search_term_string\"}}],\"inLanguage\":\"de\"},{\"@type\":\"Person\",\"@id\":\"https:\/\/joerglahmann.com\/#\/schema\/person\/662a8961d74cddabed9df367512e04a5\",\"name\":\"jorgwp\",\"image\":{\"@type\":\"ImageObject\",\"inLanguage\":\"de\",\"@id\":\"https:\/\/joerglahmann.com\/#\/schema\/person\/image\/\",\"url\":\"https:\/\/secure.gravatar.com\/avatar\/c6cdc92338f62565c8e09df2ca583bd53dcaaf2cbfe2437339cb1fa0b3ea2de3?s=96&d=mm&r=g\",\"contentUrl\":\"https:\/\/secure.gravatar.com\/avatar\/c6cdc92338f62565c8e09df2ca583bd53dcaaf2cbfe2437339cb1fa0b3ea2de3?s=96&d=mm&r=g\",\"caption\":\"jorgwp\"},\"url\":\"https:\/\/joerglahmann.com\/de\/author\/jorgwp\/\"}]}<\/script>\n<!-- \/ Yoast SEO plugin. -->","yoast_head_json":{"title":"Was macht ein Leader? Seine Rolle im Teammanagement","description":"Wir thematisieren die Figur des Leaders und r\u00e4umen mit einigen der g\u00e4ngigsten Mythen auf. Was macht ein Leader und wie wird er gut?","robots":{"index":"index","follow":"follow","max-snippet":"max-snippet:-1","max-image-preview":"max-image-preview:large","max-video-preview":"max-video-preview:-1"},"canonical":"https:\/\/joerglahmann.com\/que-hace-un-lider\/","og_locale":"de_DE","og_type":"article","og_title":"Was macht ein Leader? Seine Rolle im Teammanagement","og_description":"Wir thematisieren die Figur des Leaders und r\u00e4umen mit einigen der g\u00e4ngigsten Mythen auf. Was macht ein Leader und wie wird er gut?","og_url":"https:\/\/joerglahmann.com\/que-hace-un-lider\/","og_site_name":"EOS implementer | Deutschland, Schweiz, Espa\u00f1a","article_published_time":"2022-02-03T16:04:00+00:00","article_modified_time":"2022-02-07T09:39:59+00:00","og_image":[{"width":400,"height":267,"url":"https:\/\/joerglahmann.com\/wp-content\/uploads\/2021\/10\/Que-hace-un-lider-imagen.jpg","type":"image\/jpeg"}],"author":"jorgwp","twitter_card":"summary_large_image","twitter_misc":{"Verfasst von":"jorgwp","Gesch\u00e4tzte Lesezeit":"9\u00a0Minuten"},"schema":{"@context":"https:\/\/schema.org","@graph":[{"@type":"Article","@id":"https:\/\/joerglahmann.com\/que-hace-un-lider\/#article","isPartOf":{"@id":"https:\/\/joerglahmann.com\/que-hace-un-lider\/"},"author":{"name":"jorgwp","@id":"https:\/\/joerglahmann.com\/#\/schema\/person\/662a8961d74cddabed9df367512e04a5"},"headline":"Leader und Manager. Was macht ein Leader?","datePublished":"2022-02-03T16:04:00+00:00","dateModified":"2022-02-07T09:39:59+00:00","mainEntityOfPage":{"@id":"https:\/\/joerglahmann.com\/que-hace-un-lider\/"},"wordCount":2036,"commentCount":1,"image":{"@id":"https:\/\/joerglahmann.com\/que-hace-un-lider\/#primaryimage"},"thumbnailUrl":"https:\/\/joerglahmann.com\/wp-content\/uploads\/2021\/10\/Que-hace-un-lider-imagen.jpg","keywords":["CEO","leadership","transformaci\u00f3n","vision"],"articleSection":["Personen","Vision im Unternehmen"],"inLanguage":"de","potentialAction":[{"@type":"CommentAction","name":"Comment","target":["https:\/\/joerglahmann.com\/que-hace-un-lider\/#respond"]}]},{"@type":["WebPage","ItemPage"],"@id":"https:\/\/joerglahmann.com\/que-hace-un-lider\/","url":"https:\/\/joerglahmann.com\/que-hace-un-lider\/","name":"Was macht ein Leader? Seine Rolle im Teammanagement","isPartOf":{"@id":"https:\/\/joerglahmann.com\/#website"},"primaryImageOfPage":{"@id":"https:\/\/joerglahmann.com\/que-hace-un-lider\/#primaryimage"},"image":{"@id":"https:\/\/joerglahmann.com\/que-hace-un-lider\/#primaryimage"},"thumbnailUrl":"https:\/\/joerglahmann.com\/wp-content\/uploads\/2021\/10\/Que-hace-un-lider-imagen.jpg","datePublished":"2022-02-03T16:04:00+00:00","dateModified":"2022-02-07T09:39:59+00:00","author":{"@id":"https:\/\/joerglahmann.com\/#\/schema\/person\/662a8961d74cddabed9df367512e04a5"},"description":"Wir thematisieren die Figur des Leaders und r\u00e4umen mit einigen der g\u00e4ngigsten Mythen auf. Was macht ein Leader und wie wird er gut?","breadcrumb":{"@id":"https:\/\/joerglahmann.com\/que-hace-un-lider\/#breadcrumb"},"inLanguage":"de","potentialAction":[{"@type":"ReadAction","target":["https:\/\/joerglahmann.com\/que-hace-un-lider\/"]}]},{"@type":"ImageObject","inLanguage":"de","@id":"https:\/\/joerglahmann.com\/que-hace-un-lider\/#primaryimage","url":"https:\/\/joerglahmann.com\/wp-content\/uploads\/2021\/10\/Que-hace-un-lider-imagen.jpg","contentUrl":"https:\/\/joerglahmann.com\/wp-content\/uploads\/2021\/10\/Que-hace-un-lider-imagen.jpg","width":400,"height":267,"caption":"ser-un-buen-lider"},{"@type":"BreadcrumbList","@id":"https:\/\/joerglahmann.com\/que-hace-un-lider\/#breadcrumb","itemListElement":[{"@type":"ListItem","position":1,"name":"Portada","item":"https:\/\/joerglahmann.com\/de\/"},{"@type":"ListItem","position":2,"name":"Leader und Manager. Was macht ein Leader?"}]},{"@type":"WebSite","@id":"https:\/\/joerglahmann.com\/#website","url":"https:\/\/joerglahmann.com\/","name":"EOS implementer | Deutschland, Schweiz, Espa\u00f1a","description":"","potentialAction":[{"@type":"SearchAction","target":{"@type":"EntryPoint","urlTemplate":"https:\/\/joerglahmann.com\/?s={search_term_string}"},"query-input":{"@type":"PropertyValueSpecification","valueRequired":true,"valueName":"search_term_string"}}],"inLanguage":"de"},{"@type":"Person","@id":"https:\/\/joerglahmann.com\/#\/schema\/person\/662a8961d74cddabed9df367512e04a5","name":"jorgwp","image":{"@type":"ImageObject","inLanguage":"de","@id":"https:\/\/joerglahmann.com\/#\/schema\/person\/image\/","url":"https:\/\/secure.gravatar.com\/avatar\/c6cdc92338f62565c8e09df2ca583bd53dcaaf2cbfe2437339cb1fa0b3ea2de3?s=96&d=mm&r=g","contentUrl":"https:\/\/secure.gravatar.com\/avatar\/c6cdc92338f62565c8e09df2ca583bd53dcaaf2cbfe2437339cb1fa0b3ea2de3?s=96&d=mm&r=g","caption":"jorgwp"},"url":"https:\/\/joerglahmann.com\/de\/author\/jorgwp\/"}]}},"_links":{"self":[{"href":"https:\/\/joerglahmann.com\/de\/wp-json\/wp\/v2\/posts\/1006987","targetHints":{"allow":["GET"]}}],"collection":[{"href":"https:\/\/joerglahmann.com\/de\/wp-json\/wp\/v2\/posts"}],"about":[{"href":"https:\/\/joerglahmann.com\/de\/wp-json\/wp\/v2\/types\/post"}],"author":[{"embeddable":true,"href":"https:\/\/joerglahmann.com\/de\/wp-json\/wp\/v2\/users\/1"}],"replies":[{"embeddable":true,"href":"https:\/\/joerglahmann.com\/de\/wp-json\/wp\/v2\/comments?post=1006987"}],"version-history":[{"count":9,"href":"https:\/\/joerglahmann.com\/de\/wp-json\/wp\/v2\/posts\/1006987\/revisions"}],"predecessor-version":[{"id":1007005,"href":"https:\/\/joerglahmann.com\/de\/wp-json\/wp\/v2\/posts\/1006987\/revisions\/1007005"}],"wp:featuredmedia":[{"embeddable":true,"href":"https:\/\/joerglahmann.com\/de\/wp-json\/wp\/v2\/media\/1006873"}],"wp:attachment":[{"href":"https:\/\/joerglahmann.com\/de\/wp-json\/wp\/v2\/media?parent=1006987"}],"wp:term":[{"taxonomy":"category","embeddable":true,"href":"https:\/\/joerglahmann.com\/de\/wp-json\/wp\/v2\/categories?post=1006987"},{"taxonomy":"post_tag","embeddable":true,"href":"https:\/\/joerglahmann.com\/de\/wp-json\/wp\/v2\/tags?post=1006987"}],"curies":[{"name":"wp","href":"https:\/\/api.w.org\/{rel}","templated":true}]}}